{"id":2760,"date":"2022-11-14T17:58:45","date_gmt":"2022-11-14T16:58:45","guid":{"rendered":"https:\/\/jurisprudentiemeteenglimlach.nl\/?p=2760"},"modified":"2022-11-14T17:58:47","modified_gmt":"2022-11-14T16:58:47","slug":"zijn-ongepaste-uitspraken-fvd-kamerlid-nu-nog-te-stoppen","status":"publish","type":"post","link":"https:\/\/jurisprudentiemeteenglimlach.nl\/?p=2760","title":{"rendered":"Zijn ongepaste uitspraken FvD kamerlid nu nog te stoppen?"},"content":{"rendered":"<div class=\"wp-block-image\">\n<figure class=\"aligncenter size-large is-resized\"><img loading=\"lazy\" decoding=\"async\" src=\"https:\/\/jurisprudentiemeteenglimlach.nl\/wp-content\/uploads\/2022\/07\/hufter-1024x555.jpg\" alt=\"\" class=\"wp-image-2512\" width=\"302\" height=\"164\" srcset=\"https:\/\/jurisprudentiemeteenglimlach.nl\/wp-content\/uploads\/2022\/07\/hufter-1024x555.jpg 1024w, https:\/\/jurisprudentiemeteenglimlach.nl\/wp-content\/uploads\/2022\/07\/hufter-300x163.jpg 300w, https:\/\/jurisprudentiemeteenglimlach.nl\/wp-content\/uploads\/2022\/07\/hufter-768x416.jpg 768w, https:\/\/jurisprudentiemeteenglimlach.nl\/wp-content\/uploads\/2022\/07\/hufter-111x60.jpg 111w, https:\/\/jurisprudentiemeteenglimlach.nl\/wp-content\/uploads\/2022\/07\/hufter.jpg 1476w\" sizes=\"auto, (max-width: 302px) 100vw, 302px\" \/><\/figure>\n<\/div>\n\n\n<p class=\"has-white-color has-vivid-cyan-blue-background-color has-text-color has-background\">Als je een fan bent van Gideon van Meijeren dan zit je elke keer op het puntje van je stoel, wanneer hij publiekelijk aan het woord komt (NRC 14\/11\/22). Als fan geniet je, omdat Van Meijeren eindelijk zegt, wat anderen niet durven te zeggen. Gesteund door controversi\u00eble TV programma\u2019s galmt zijn boodschap na in de media. Als je geen fan bent, dan zit je met ingehouden woede te kijken met de vraag waarom iemand hem niet de mond snoert. Niet een cordon sanitair, neen, echt de mond snoert. Maar politiek correct geschoold blijven deze antifans slechts met verhoogde bloeddruk achter. Deze tijd vraagt om de journalistieke mores te heroverwegen. Waarom zou de journalistiek van Rutger Castricum \u00e1 la GeenStijl niet een vast onderdeel van de opleiding kunnen zijn? Om controversi\u00eble politici op een controversi\u00eble manier te ondervragen. Afzeiktv, hufterjournalistiek dus. Een soort \u2018equality of arms\u2019. Daarbij is het doel om mensen (vaak politici) voor de camera belachelijk te maken door impertinente vragen te stellen of door met een draaiende camera iemand op een voor hem of haar onaangename manier te verrassen of te betrappen (&#8220;overvaljournalistiek&#8221;). Aldus Wikipedia. Dan kunnen de antifans zonder bloeddrukverlagende pillen ook op het puntje van hun stoel zitten.<\/p>\n\n\n\n<p class=\"has-white-color has-vivid-red-background-color has-text-color has-background\">If you&#8217;re a fan of Gideon van Meijeren, you&#8217;ll be on the edge of your seat every time he speaks publicly (NRC 14\/11\/22). As a fan you enjoy, because Van Meijeren finally says what others do not dare to say. Supported by controversial TV programs, his message reverberated in the media. If you&#8217;re not a fan, you&#8217;ll be left staring with restrained anger, wondering why someone wouldn&#8217;t shut him up. Not a cordon sanitary, no, really gagged. But politically correct, these anti-fans are only left with elevated blood pressure. This time calls for a rethink of journalistic mores. Why should the journalism of Rutger Castricum \u00e1 la GeenStijl not be a permanent part of the training? To question controversial politicians in a controversial way. Afzeiktv, so asshole journalism. A kind of equality of arms. The aim is to ridicule people (often politicians) in front of the camera by asking impertinent questions or by surprising or catching someone with a rotating camera in an unpleasant way (&#8220;robbery journalism&#8221;). According to Wikipedia. Then the antifans can also sit on the edge of their seats without blood pressure-lowering pills.<\/p>\n\n\n\n<p class=\"has-cyan-bluish-gray-background-color has-background\">Ricky Turpijn<\/p>\n","protected":false},"excerpt":{"rendered":"<p>Als je een fan bent van Gideon van Meijeren dan zit je elke keer op het puntje van je stoel, &hellip; <\/p>\n","protected":false},"author":1,"featured_media":2512,"comment_status":"open","ping_status":"open","sticky":false,"template":"","format":"standard","meta":{"_exactmetrics_skip_tracking":false,"_exactmetrics_sitenote_active":false,"_exactmetrics_sitenote_note":"","_exactmetrics_sitenote_category":0,"footnotes":""},"categories":[32],"tags":[827,824,826,825],"class_list":["post-2760","post","type-post","status-publish","format-standard","has-post-thumbnail","hentry","category-samenleving","tag-afzeiktv","tag-fvd","tag-ongepast","tag-uitspraken"],"yoast_head":"<!-- This site is optimized with the Yoast SEO plugin v27.5 - https:\/\/yoast.com\/product\/yoast-seo-wordpress\/ -->\n<title>Zijn ongepaste uitspraken FvD kamerlid nu nog te stoppen? - Jurisprudentie Met Een Glimlach<\/title>\n<meta name=\"robots\" content=\"index, follow, max-snippet:-1, max-image-preview:large, max-video-preview:-1\" \/>\n<link rel=\"canonical\" href=\"https:\/\/jurisprudentiemeteenglimlach.nl\/?p=2760\" \/>\n<meta property=\"og:locale\" content=\"nl_NL\" \/>\n<meta property=\"og:type\" content=\"article\" \/>\n<meta property=\"og:title\" content=\"Zijn ongepaste uitspraken FvD kamerlid nu nog te stoppen? - Jurisprudentie Met Een Glimlach\" \/>\n<meta property=\"og:description\" content=\"Als je een fan bent van Gideon van Meijeren dan zit je elke keer op het puntje van je stoel, &hellip;\" \/>\n<meta property=\"og:url\" content=\"https:\/\/jurisprudentiemeteenglimlach.nl\/?p=2760\" \/>\n<meta property=\"og:site_name\" content=\"Jurisprudentie Met Een Glimlach\" \/>\n<meta property=\"article:published_time\" content=\"2022-11-14T16:58:45+00:00\" \/>\n<meta property=\"article:modified_time\" content=\"2022-11-14T16:58:47+00:00\" \/>\n<meta property=\"og:image\" content=\"https:\/\/jurisprudentiemeteenglimlach.nl\/wp-content\/uploads\/2022\/07\/hufter.jpg\" \/>\n\t<meta property=\"og:image:width\" content=\"1476\" \/>\n\t<meta property=\"og:image:height\" content=\"800\" \/>\n\t<meta property=\"og:image:type\" content=\"image\/jpeg\" \/>\n<meta name=\"author\" content=\"admin\" \/>\n<meta name=\"twitter:card\" content=\"summary_large_image\" \/>\n<meta name=\"twitter:label1\" content=\"Geschreven door\" \/>\n\t<meta name=\"twitter:data1\" content=\"admin\" \/>\n\t<meta name=\"twitter:label2\" content=\"Geschatte leestijd\" \/>\n\t<meta name=\"twitter:data2\" content=\"3 minuten\" \/>\n<script type=\"application\/ld+json\" class=\"yoast-schema-graph\">{\"@context\":\"https:\\\/\\\/schema.org\",\"@graph\":[{\"@type\":\"Article\",\"@id\":\"https:\\\/\\\/jurisprudentiemeteenglimlach.nl\\\/?p=2760#article\",\"isPartOf\":{\"@id\":\"https:\\\/\\\/jurisprudentiemeteenglimlach.nl\\\/?p=2760\"},\"author\":{\"name\":\"admin\",\"@id\":\"https:\\\/\\\/jurisprudentiemeteenglimlach.nl\\\/#\\\/schema\\\/person\\\/93fde691c90bf99b16a3e10f509de86f\"},\"headline\":\"Zijn ongepaste uitspraken FvD kamerlid nu nog te stoppen?\",\"datePublished\":\"2022-11-14T16:58:45+00:00\",\"dateModified\":\"2022-11-14T16:58:47+00:00\",\"mainEntityOfPage\":{\"@id\":\"https:\\\/\\\/jurisprudentiemeteenglimlach.nl\\\/?p=2760\"},\"wordCount\":404,\"commentCount\":0,\"publisher\":{\"@id\":\"https:\\\/\\\/jurisprudentiemeteenglimlach.nl\\\/#organization\"},\"image\":{\"@id\":\"https:\\\/\\\/jurisprudentiemeteenglimlach.nl\\\/?p=2760#primaryimage\"},\"thumbnailUrl\":\"https:\\\/\\\/jurisprudentiemeteenglimlach.nl\\\/wp-content\\\/uploads\\\/2022\\\/07\\\/hufter.jpg\",\"keywords\":[\"afzeiktv\",\"FvD\",\"ongepast\",\"uitspraken\"],\"articleSection\":[\"Samenleving\"],\"inLanguage\":\"nl-NL\",\"potentialAction\":[{\"@type\":\"CommentAction\",\"name\":\"Comment\",\"target\":[\"https:\\\/\\\/jurisprudentiemeteenglimlach.nl\\\/?p=2760#respond\"]}]},{\"@type\":\"WebPage\",\"@id\":\"https:\\\/\\\/jurisprudentiemeteenglimlach.nl\\\/?p=2760\",\"url\":\"https:\\\/\\\/jurisprudentiemeteenglimlach.nl\\\/?p=2760\",\"name\":\"Zijn ongepaste uitspraken FvD kamerlid nu nog te stoppen? - Jurisprudentie Met Een Glimlach\",\"isPartOf\":{\"@id\":\"https:\\\/\\\/jurisprudentiemeteenglimlach.nl\\\/#website\"},\"primaryImageOfPage\":{\"@id\":\"https:\\\/\\\/jurisprudentiemeteenglimlach.nl\\\/?p=2760#primaryimage\"},\"image\":{\"@id\":\"https:\\\/\\\/jurisprudentiemeteenglimlach.nl\\\/?p=2760#primaryimage\"},\"thumbnailUrl\":\"https:\\\/\\\/jurisprudentiemeteenglimlach.nl\\\/wp-content\\\/uploads\\\/2022\\\/07\\\/hufter.jpg\",\"datePublished\":\"2022-11-14T16:58:45+00:00\",\"dateModified\":\"2022-11-14T16:58:47+00:00\",\"breadcrumb\":{\"@id\":\"https:\\\/\\\/jurisprudentiemeteenglimlach.nl\\\/?p=2760#breadcrumb\"},\"inLanguage\":\"nl-NL\",\"potentialAction\":[{\"@type\":\"ReadAction\",\"target\":[\"https:\\\/\\\/jurisprudentiemeteenglimlach.nl\\\/?p=2760\"]}]},{\"@type\":\"ImageObject\",\"inLanguage\":\"nl-NL\",\"@id\":\"https:\\\/\\\/jurisprudentiemeteenglimlach.nl\\\/?p=2760#primaryimage\",\"url\":\"https:\\\/\\\/jurisprudentiemeteenglimlach.nl\\\/wp-content\\\/uploads\\\/2022\\\/07\\\/hufter.jpg\",\"contentUrl\":\"https:\\\/\\\/jurisprudentiemeteenglimlach.nl\\\/wp-content\\\/uploads\\\/2022\\\/07\\\/hufter.jpg\",\"width\":1476,\"height\":800},{\"@type\":\"BreadcrumbList\",\"@id\":\"https:\\\/\\\/jurisprudentiemeteenglimlach.nl\\\/?p=2760#breadcrumb\",\"itemListElement\":[{\"@type\":\"ListItem\",\"position\":1,\"name\":\"Home\",\"item\":\"https:\\\/\\\/jurisprudentiemeteenglimlach.nl\\\/\"},{\"@type\":\"ListItem\",\"position\":2,\"name\":\"Zijn ongepaste uitspraken FvD kamerlid nu nog te stoppen?\"}]},{\"@type\":\"WebSite\",\"@id\":\"https:\\\/\\\/jurisprudentiemeteenglimlach.nl\\\/#website\",\"url\":\"https:\\\/\\\/jurisprudentiemeteenglimlach.nl\\\/\",\"name\":\"Jurisprudentie Met Een Glimlach\",\"description\":\"Van Ricky Turpijn voor de fiscalist met humor en een glimlach: TO BOLDLY GO WHERE NO ONE HAS GONE BEFORE\",\"publisher\":{\"@id\":\"https:\\\/\\\/jurisprudentiemeteenglimlach.nl\\\/#organization\"},\"potentialAction\":[{\"@type\":\"SearchAction\",\"target\":{\"@type\":\"EntryPoint\",\"urlTemplate\":\"https:\\\/\\\/jurisprudentiemeteenglimlach.nl\\\/?s={search_term_string}\"},\"query-input\":{\"@type\":\"PropertyValueSpecification\",\"valueRequired\":true,\"valueName\":\"search_term_string\"}}],\"inLanguage\":\"nl-NL\"},{\"@type\":\"Organization\",\"@id\":\"https:\\\/\\\/jurisprudentiemeteenglimlach.nl\\\/#organization\",\"name\":\"Jurisprudentie Met Een Glimlach\",\"url\":\"https:\\\/\\\/jurisprudentiemeteenglimlach.nl\\\/\",\"logo\":{\"@type\":\"ImageObject\",\"inLanguage\":\"nl-NL\",\"@id\":\"https:\\\/\\\/jurisprudentiemeteenglimlach.nl\\\/#\\\/schema\\\/logo\\\/image\\\/\",\"url\":\"https:\\\/\\\/jurisprudentiemeteenglimlach.nl\\\/wp-content\\\/uploads\\\/2021\\\/12\\\/cropped-tieme-e1639348501224.jpg\",\"contentUrl\":\"https:\\\/\\\/jurisprudentiemeteenglimlach.nl\\\/wp-content\\\/uploads\\\/2021\\\/12\\\/cropped-tieme-e1639348501224.jpg\",\"width\":165,\"height\":165,\"caption\":\"Jurisprudentie Met Een Glimlach\"},\"image\":{\"@id\":\"https:\\\/\\\/jurisprudentiemeteenglimlach.nl\\\/#\\\/schema\\\/logo\\\/image\\\/\"}},{\"@type\":\"Person\",\"@id\":\"https:\\\/\\\/jurisprudentiemeteenglimlach.nl\\\/#\\\/schema\\\/person\\\/93fde691c90bf99b16a3e10f509de86f\",\"name\":\"admin\",\"image\":{\"@type\":\"ImageObject\",\"inLanguage\":\"nl-NL\",\"@id\":\"https:\\\/\\\/secure.gravatar.com\\\/avatar\\\/8c462678fa0ee2095e9cdacc2daefab3e1919dcaa70d3f11712e5f9bb2856799?s=96&d=mm&r=g\",\"url\":\"https:\\\/\\\/secure.gravatar.com\\\/avatar\\\/8c462678fa0ee2095e9cdacc2daefab3e1919dcaa70d3f11712e5f9bb2856799?s=96&d=mm&r=g\",\"contentUrl\":\"https:\\\/\\\/secure.gravatar.com\\\/avatar\\\/8c462678fa0ee2095e9cdacc2daefab3e1919dcaa70d3f11712e5f9bb2856799?s=96&d=mm&r=g\",\"caption\":\"admin\"},\"sameAs\":[\"https:\\\/\\\/jurisprudentiemeteenglimlach.nl\"],\"url\":\"https:\\\/\\\/jurisprudentiemeteenglimlach.nl\\\/?author=1\"}]}<\/script>\n<!-- \/ Yoast SEO plugin. -->","yoast_head_json":{"title":"Zijn ongepaste uitspraken FvD kamerlid nu nog te stoppen? - Jurisprudentie Met Een Glimlach","robots":{"index":"index","follow":"follow","max-snippet":"max-snippet:-1","max-image-preview":"max-image-preview:large","max-video-preview":"max-video-preview:-1"},"canonical":"https:\/\/jurisprudentiemeteenglimlach.nl\/?p=2760","og_locale":"nl_NL","og_type":"article","og_title":"Zijn ongepaste uitspraken FvD kamerlid nu nog te stoppen? - Jurisprudentie Met Een Glimlach","og_description":"Als je een fan bent van Gideon van Meijeren dan zit je elke keer op het puntje van je stoel, &hellip;","og_url":"https:\/\/jurisprudentiemeteenglimlach.nl\/?p=2760","og_site_name":"Jurisprudentie Met Een Glimlach","article_published_time":"2022-11-14T16:58:45+00:00","article_modified_time":"2022-11-14T16:58:47+00:00","og_image":[{"width":1476,"height":800,"url":"https:\/\/jurisprudentiemeteenglimlach.nl\/wp-content\/uploads\/2022\/07\/hufter.jpg","type":"image\/jpeg"}],"author":"admin","twitter_card":"summary_large_image","twitter_misc":{"Geschreven door":"admin","Geschatte leestijd":"3 minuten"},"schema":{"@context":"https:\/\/schema.org","@graph":[{"@type":"Article","@id":"https:\/\/jurisprudentiemeteenglimlach.nl\/?p=2760#article","isPartOf":{"@id":"https:\/\/jurisprudentiemeteenglimlach.nl\/?p=2760"},"author":{"name":"admin","@id":"https:\/\/jurisprudentiemeteenglimlach.nl\/#\/schema\/person\/93fde691c90bf99b16a3e10f509de86f"},"headline":"Zijn ongepaste uitspraken FvD kamerlid nu nog te stoppen?","datePublished":"2022-11-14T16:58:45+00:00","dateModified":"2022-11-14T16:58:47+00:00","mainEntityOfPage":{"@id":"https:\/\/jurisprudentiemeteenglimlach.nl\/?p=2760"},"wordCount":404,"commentCount":0,"publisher":{"@id":"https:\/\/jurisprudentiemeteenglimlach.nl\/#organization"},"image":{"@id":"https:\/\/jurisprudentiemeteenglimlach.nl\/?p=2760#primaryimage"},"thumbnailUrl":"https:\/\/jurisprudentiemeteenglimlach.nl\/wp-content\/uploads\/2022\/07\/hufter.jpg","keywords":["afzeiktv","FvD","ongepast","uitspraken"],"articleSection":["Samenleving"],"inLanguage":"nl-NL","potentialAction":[{"@type":"CommentAction","name":"Comment","target":["https:\/\/jurisprudentiemeteenglimlach.nl\/?p=2760#respond"]}]},{"@type":"WebPage","@id":"https:\/\/jurisprudentiemeteenglimlach.nl\/?p=2760","url":"https:\/\/jurisprudentiemeteenglimlach.nl\/?p=2760","name":"Zijn ongepaste uitspraken FvD kamerlid nu nog te stoppen? - Jurisprudentie Met Een Glimlach","isPartOf":{"@id":"https:\/\/jurisprudentiemeteenglimlach.nl\/#website"},"primaryImageOfPage":{"@id":"https:\/\/jurisprudentiemeteenglimlach.nl\/?p=2760#primaryimage"},"image":{"@id":"https:\/\/jurisprudentiemeteenglimlach.nl\/?p=2760#primaryimage"},"thumbnailUrl":"https:\/\/jurisprudentiemeteenglimlach.nl\/wp-content\/uploads\/2022\/07\/hufter.jpg","datePublished":"2022-11-14T16:58:45+00:00","dateModified":"2022-11-14T16:58:47+00:00","breadcrumb":{"@id":"https:\/\/jurisprudentiemeteenglimlach.nl\/?p=2760#breadcrumb"},"inLanguage":"nl-NL","potentialAction":[{"@type":"ReadAction","target":["https:\/\/jurisprudentiemeteenglimlach.nl\/?p=2760"]}]},{"@type":"ImageObject","inLanguage":"nl-NL","@id":"https:\/\/jurisprudentiemeteenglimlach.nl\/?p=2760#primaryimage","url":"https:\/\/jurisprudentiemeteenglimlach.nl\/wp-content\/uploads\/2022\/07\/hufter.jpg","contentUrl":"https:\/\/jurisprudentiemeteenglimlach.nl\/wp-content\/uploads\/2022\/07\/hufter.jpg","width":1476,"height":800},{"@type":"BreadcrumbList","@id":"https:\/\/jurisprudentiemeteenglimlach.nl\/?p=2760#breadcrumb","itemListElement":[{"@type":"ListItem","position":1,"name":"Home","item":"https:\/\/jurisprudentiemeteenglimlach.nl\/"},{"@type":"ListItem","position":2,"name":"Zijn ongepaste uitspraken FvD kamerlid nu nog te stoppen?"}]},{"@type":"WebSite","@id":"https:\/\/jurisprudentiemeteenglimlach.nl\/#website","url":"https:\/\/jurisprudentiemeteenglimlach.nl\/","name":"Jurisprudentie Met Een Glimlach","description":"Van Ricky Turpijn voor de fiscalist met humor en een glimlach: TO BOLDLY GO WHERE NO ONE HAS GONE BEFORE","publisher":{"@id":"https:\/\/jurisprudentiemeteenglimlach.nl\/#organization"},"potentialAction":[{"@type":"SearchAction","target":{"@type":"EntryPoint","urlTemplate":"https:\/\/jurisprudentiemeteenglimlach.nl\/?s={search_term_string}"},"query-input":{"@type":"PropertyValueSpecification","valueRequired":true,"valueName":"search_term_string"}}],"inLanguage":"nl-NL"},{"@type":"Organization","@id":"https:\/\/jurisprudentiemeteenglimlach.nl\/#organization","name":"Jurisprudentie Met Een Glimlach","url":"https:\/\/jurisprudentiemeteenglimlach.nl\/","logo":{"@type":"ImageObject","inLanguage":"nl-NL","@id":"https:\/\/jurisprudentiemeteenglimlach.nl\/#\/schema\/logo\/image\/","url":"https:\/\/jurisprudentiemeteenglimlach.nl\/wp-content\/uploads\/2021\/12\/cropped-tieme-e1639348501224.jpg","contentUrl":"https:\/\/jurisprudentiemeteenglimlach.nl\/wp-content\/uploads\/2021\/12\/cropped-tieme-e1639348501224.jpg","width":165,"height":165,"caption":"Jurisprudentie Met Een Glimlach"},"image":{"@id":"https:\/\/jurisprudentiemeteenglimlach.nl\/#\/schema\/logo\/image\/"}},{"@type":"Person","@id":"https:\/\/jurisprudentiemeteenglimlach.nl\/#\/schema\/person\/93fde691c90bf99b16a3e10f509de86f","name":"admin","image":{"@type":"ImageObject","inLanguage":"nl-NL","@id":"https:\/\/secure.gravatar.com\/avatar\/8c462678fa0ee2095e9cdacc2daefab3e1919dcaa70d3f11712e5f9bb2856799?s=96&d=mm&r=g","url":"https:\/\/secure.gravatar.com\/avatar\/8c462678fa0ee2095e9cdacc2daefab3e1919dcaa70d3f11712e5f9bb2856799?s=96&d=mm&r=g","contentUrl":"https:\/\/secure.gravatar.com\/avatar\/8c462678fa0ee2095e9cdacc2daefab3e1919dcaa70d3f11712e5f9bb2856799?s=96&d=mm&r=g","caption":"admin"},"sameAs":["https:\/\/jurisprudentiemeteenglimlach.nl"],"url":"https:\/\/jurisprudentiemeteenglimlach.nl\/?author=1"}]}},"_links":{"self":[{"href":"https:\/\/jurisprudentiemeteenglimlach.nl\/index.php?rest_route=\/wp\/v2\/posts\/2760","targetHints":{"allow":["GET"]}}],"collection":[{"href":"https:\/\/jurisprudentiemeteenglimlach.nl\/index.php?rest_route=\/wp\/v2\/posts"}],"about":[{"href":"https:\/\/jurisprudentiemeteenglimlach.nl\/index.php?rest_route=\/wp\/v2\/types\/post"}],"author":[{"embeddable":true,"href":"https:\/\/jurisprudentiemeteenglimlach.nl\/index.php?rest_route=\/wp\/v2\/users\/1"}],"replies":[{"embeddable":true,"href":"https:\/\/jurisprudentiemeteenglimlach.nl\/index.php?rest_route=%2Fwp%2Fv2%2Fcomments&post=2760"}],"version-history":[{"count":1,"href":"https:\/\/jurisprudentiemeteenglimlach.nl\/index.php?rest_route=\/wp\/v2\/posts\/2760\/revisions"}],"predecessor-version":[{"id":2761,"href":"https:\/\/jurisprudentiemeteenglimlach.nl\/index.php?rest_route=\/wp\/v2\/posts\/2760\/revisions\/2761"}],"wp:featuredmedia":[{"embeddable":true,"href":"https:\/\/jurisprudentiemeteenglimlach.nl\/index.php?rest_route=\/wp\/v2\/media\/2512"}],"wp:attachment":[{"href":"https:\/\/jurisprudentiemeteenglimlach.nl\/index.php?rest_route=%2Fwp%2Fv2%2Fmedia&parent=2760"}],"wp:term":[{"taxonomy":"category","embeddable":true,"href":"https:\/\/jurisprudentiemeteenglimlach.nl\/index.php?rest_route=%2Fwp%2Fv2%2Fcategories&post=2760"},{"taxonomy":"post_tag","embeddable":true,"href":"https:\/\/jurisprudentiemeteenglimlach.nl\/index.php?rest_route=%2Fwp%2Fv2%2Ftags&post=2760"}],"curies":[{"name":"wp","href":"https:\/\/api.w.org\/{rel}","templated":true}]}}